{"id":8955,"date":"2025-09-01T07:00:00","date_gmt":"2025-09-01T06:00:00","guid":{"rendered":"https:\/\/blog.benito.com\/?p=8955"},"modified":"2025-08-29T08:35:52","modified_gmt":"2025-08-29T07:35:52","slug":"redisenamos-la-papelera-dara-en-benito","status":"publish","type":"post","link":"https:\/\/blog.benito.com\/redisenamos-la-papelera-dara-en-benito\/","title":{"rendered":"Redise\u00f1amos la papelera DARA en BENITO"},"content":{"rendered":"\n<p class=\"wp-block-paragraph\">En Benito Urban creemos que el mobiliario urbano debe evolucionar al ritmo de las ciudades: cada vez m\u00e1s vivas, m\u00e1s transitadas y m\u00e1s exigentes. Por eso hemos redise\u00f1ado la <strong>papelera DARA<\/strong>, un cl\u00e1sico que ahora se adapta mejor a las necesidades actuales de los espacios p\u00fablicos.<\/p>\n\n\n\n<!--more-->\n\n\n\n<h5 class=\"wp-block-heading\">M\u00e1s capacidad y resistencia para espacios exigentes<\/h5>\n\n\n\n<p class=\"wp-block-paragraph\">La nueva <strong><a href=\"https:\/\/www.benito.com\/es\/mobiliario-urbano\/papeleras\/papelera-dara--PA694SMO.html\" target=\"_blank\" rel=\"noopener\" title=\"papelera DARA\">papelera DARA<\/a><\/strong> est\u00e1 dise\u00f1ada para entornos con gran afluencia de personas. Disponible en versiones de <strong>100 o 200 litros<\/strong>, ofrece una gran capacidad de recogida sin perder comodidad en su uso.<br>El modelo de <strong>100 litros<\/strong> cuenta con unas medidas de <strong>535 mm de ancho x 370 mm de fondo x 1000 mm de alto<\/strong>, garantizando una soluci\u00f3n compacta y funcional.<\/p>\n\n\n\n<p class=\"wp-block-paragraph\">Su <strong>puerta con cierre autoblocante<\/strong> y el <strong>aro sujetabolsas<\/strong> permiten un mantenimiento r\u00e1pido, seguro y eficiente, aspectos clave para los equipos de limpieza urbana. Adem\u00e1s, incorpora <strong>sombrero y cubeta propia<\/strong>, lo que mejora su practicidad y durabilidad.<\/p>\n\n\n\n<p class=\"wp-block-paragraph\">Est\u00e1 <strong>fabricada en acero <a href=\"https:\/\/www.benito.com\/es\/materiales-y-acabados\/tratamiento-de-proteccion-a-la-corrosion-del-hierro-ferrus.html\" target=\"_blank\" rel=\"noopener\" title=\"tratado con el proceso FERRUS\">tratado con el proceso FERRUS<\/a><\/strong>, un sistema de protecci\u00f3n de triple capa para el hierro que asegura una resistencia \u00f3ptima frente a la <strong>corrosi\u00f3n<\/strong> y al desgaste en espacios exteriores.<\/p>\n\n\n\n<figure class=\"wp-block-video\"><video controls src=\"https:\/\/www.benito.com\/img\/productes\/galeria\/darablanca-video.mp4\"><\/video><\/figure>\n\n\n\n<h5 class=\"wp-block-heading\">Detalles que marcan la diferencia<\/h5>\n\n\n\n<p class=\"wp-block-paragraph\">La <strong>papelera DARA<\/strong> no solo optimiza la gesti\u00f3n de residuos: tambi\u00e9n incorpora un <strong>cenicero integrado en la parte superior<\/strong>, dise\u00f1ado para un <strong>vaciado f\u00e1cil y r\u00e1pido<\/strong>. Una soluci\u00f3n pr\u00e1ctica que contribuye a mantener las calles m\u00e1s limpias y ordenadas.<\/p>\n\n\n\n<h5 class=\"wp-block-heading\">Dise\u00f1o que se adapta al entorno<\/h5>\n\n\n\n<p class=\"wp-block-paragraph\">El mobiliario urbano debe integrarse con el paisaje. Por eso, la papelera DARA est\u00e1 disponible en diferentes acabados \u2014<strong>gris, verde oliva, burdeos y crema<\/strong>\u2014, lo que permite una <strong>adaptaci\u00f3n arm\u00f3nica a contextos urbanos y naturales<\/strong>.<\/p>\n\n\n\n<div class=\"wp-block-jetpack-slideshow aligncenter\" data-effect=\"slide\"><div class=\"wp-block-jetpack-slideshow_container swiper\"><ul class=\"wp-block-jetpack-slideshow_swiper-wrapper swiper-wrapper\"><li class=\"wp-block-jetpack-slideshow_slide swiper-slide\"><figure><img data-recalc-dims=\"1\" fetchpriority=\"high\" decoding=\"async\" width=\"940\" height=\"626\" alt=\"\" class=\"wp-block-jetpack-slideshow_image wp-image-8963\" data-id=\"8963\" src=\"https:\/\/i0.wp.com\/blog.benito.com\/wp-content\/uploads\/2025\/08\/PA694SMO_Sant-Julia-de-Vilatorta_Barcelona__2024-4-940x626.jpg?resize=940%2C626&#038;ssl=1\" srcset=\"https:\/\/i0.wp.com\/blog.benito.com\/wp-content\/uploads\/2025\/08\/PA694SMO_Sant-Julia-de-Vilatorta_Barcelona__2024-4.jpg?resize=940%2C626&amp;ssl=1 940w, https:\/\/i0.wp.com\/blog.benito.com\/wp-content\/uploads\/2025\/08\/PA694SMO_Sant-Julia-de-Vilatorta_Barcelona__2024-4.jpg?resize=580%2C386&amp;ssl=1 580w, https:\/\/i0.wp.com\/blog.benito.com\/wp-content\/uploads\/2025\/08\/PA694SMO_Sant-Julia-de-Vilatorta_Barcelona__2024-4.jpg?resize=768%2C512&amp;ssl=1 768w, https:\/\/i0.wp.com\/blog.benito.com\/wp-content\/uploads\/2025\/08\/PA694SMO_Sant-Julia-de-Vilatorta_Barcelona__2024-4.jpg?resize=1536%2C1023&amp;ssl=1 1536w, https:\/\/i0.wp.com\/blog.benito.com\/wp-content\/uploads\/2025\/08\/PA694SMO_Sant-Julia-de-Vilatorta_Barcelona__2024-4.jpg?w=1600&amp;ssl=1 1600w\" sizes=\"(max-width: 940px) 100vw, 940px\" \/><\/figure><\/li><li class=\"wp-block-jetpack-slideshow_slide swiper-slide\"><figure><img data-recalc-dims=\"1\" decoding=\"async\" width=\"940\" height=\"671\" alt=\"\" class=\"wp-block-jetpack-slideshow_image wp-image-8959\" data-id=\"8959\" src=\"https:\/\/i0.wp.com\/blog.benito.com\/wp-content\/uploads\/2025\/08\/PA694SMO_Sant-Julia-de-Vilatorta_Barcelona__2024-8-940x671.jpg?resize=940%2C671&#038;ssl=1\" srcset=\"https:\/\/i0.wp.com\/blog.benito.com\/wp-content\/uploads\/2025\/08\/PA694SMO_Sant-Julia-de-Vilatorta_Barcelona__2024-8.jpg?resize=940%2C671&amp;ssl=1 940w, https:\/\/i0.wp.com\/blog.benito.com\/wp-content\/uploads\/2025\/08\/PA694SMO_Sant-Julia-de-Vilatorta_Barcelona__2024-8.jpg?resize=580%2C414&amp;ssl=1 580w, https:\/\/i0.wp.com\/blog.benito.com\/wp-content\/uploads\/2025\/08\/PA694SMO_Sant-Julia-de-Vilatorta_Barcelona__2024-8.jpg?resize=768%2C548&amp;ssl=1 768w, https:\/\/i0.wp.com\/blog.benito.com\/wp-content\/uploads\/2025\/08\/PA694SMO_Sant-Julia-de-Vilatorta_Barcelona__2024-8.jpg?resize=1536%2C1096&amp;ssl=1 1536w, https:\/\/i0.wp.com\/blog.benito.com\/wp-content\/uploads\/2025\/08\/PA694SMO_Sant-Julia-de-Vilatorta_Barcelona__2024-8.jpg?w=1600&amp;ssl=1 1600w\" sizes=\"(max-width: 940px) 100vw, 940px\" \/><\/figure><\/li><li class=\"wp-block-jetpack-slideshow_slide swiper-slide\"><figure><img data-recalc-dims=\"1\" decoding=\"async\" width=\"940\" height=\"626\" alt=\"\" class=\"wp-block-jetpack-slideshow_image wp-image-8960\" data-id=\"8960\" src=\"https:\/\/i0.wp.com\/blog.benito.com\/wp-content\/uploads\/2025\/08\/PA694SMO_Sant-Julia-de-Vilatorta_Barcelona__2024-9-940x626.jpg?resize=940%2C626&#038;ssl=1\" srcset=\"https:\/\/i0.wp.com\/blog.benito.com\/wp-content\/uploads\/2025\/08\/PA694SMO_Sant-Julia-de-Vilatorta_Barcelona__2024-9.jpg?resize=940%2C626&amp;ssl=1 940w, https:\/\/i0.wp.com\/blog.benito.com\/wp-content\/uploads\/2025\/08\/PA694SMO_Sant-Julia-de-Vilatorta_Barcelona__2024-9.jpg?resize=580%2C386&amp;ssl=1 580w, https:\/\/i0.wp.com\/blog.benito.com\/wp-content\/uploads\/2025\/08\/PA694SMO_Sant-Julia-de-Vilatorta_Barcelona__2024-9.jpg?resize=768%2C512&amp;ssl=1 768w, https:\/\/i0.wp.com\/blog.benito.com\/wp-content\/uploads\/2025\/08\/PA694SMO_Sant-Julia-de-Vilatorta_Barcelona__2024-9.jpg?resize=1536%2C1023&amp;ssl=1 1536w, https:\/\/i0.wp.com\/blog.benito.com\/wp-content\/uploads\/2025\/08\/PA694SMO_Sant-Julia-de-Vilatorta_Barcelona__2024-9.jpg?w=1600&amp;ssl=1 1600w\" sizes=\"(max-width: 940px) 100vw, 940px\" \/><\/figure><\/li><li class=\"wp-block-jetpack-slideshow_slide swiper-slide\"><figure><img data-recalc-dims=\"1\" loading=\"lazy\" decoding=\"async\" width=\"940\" height=\"626\" alt=\"\" class=\"wp-block-jetpack-slideshow_image wp-image-8964\" data-id=\"8964\" src=\"https:\/\/i0.wp.com\/blog.benito.com\/wp-content\/uploads\/2025\/08\/PA694SMO_Sant-Julia-de-Vilatorta_Barcelona__2024-14-940x626.jpg?resize=940%2C626&#038;ssl=1\" srcset=\"https:\/\/i0.wp.com\/blog.benito.com\/wp-content\/uploads\/2025\/08\/PA694SMO_Sant-Julia-de-Vilatorta_Barcelona__2024-14.jpg?resize=940%2C626&amp;ssl=1 940w, https:\/\/i0.wp.com\/blog.benito.com\/wp-content\/uploads\/2025\/08\/PA694SMO_Sant-Julia-de-Vilatorta_Barcelona__2024-14.jpg?resize=580%2C386&amp;ssl=1 580w, https:\/\/i0.wp.com\/blog.benito.com\/wp-content\/uploads\/2025\/08\/PA694SMO_Sant-Julia-de-Vilatorta_Barcelona__2024-14.jpg?resize=768%2C512&amp;ssl=1 768w, https:\/\/i0.wp.com\/blog.benito.com\/wp-content\/uploads\/2025\/08\/PA694SMO_Sant-Julia-de-Vilatorta_Barcelona__2024-14.jpg?resize=1536%2C1023&amp;ssl=1 1536w, https:\/\/i0.wp.com\/blog.benito.com\/wp-content\/uploads\/2025\/08\/PA694SMO_Sant-Julia-de-Vilatorta_Barcelona__2024-14.jpg?w=1600&amp;ssl=1 1600w\" sizes=\"(max-width: 940px) 100vw, 940px\" \/><\/figure><\/li><li class=\"wp-block-jetpack-slideshow_slide swiper-slide\"><figure><img data-recalc-dims=\"1\" loading=\"lazy\" decoding=\"async\" width=\"940\" height=\"626\" alt=\"\" class=\"wp-block-jetpack-slideshow_image wp-image-8956\" data-id=\"8956\" src=\"https:\/\/i0.wp.com\/blog.benito.com\/wp-content\/uploads\/2025\/08\/PA694SMOV_FO_LMV_3-940x626.jpg?resize=940%2C626&#038;ssl=1\" srcset=\"https:\/\/i0.wp.com\/blog.benito.com\/wp-content\/uploads\/2025\/08\/PA694SMOV_FO_LMV_3.jpg?resize=940%2C626&amp;ssl=1 940w, https:\/\/i0.wp.com\/blog.benito.com\/wp-content\/uploads\/2025\/08\/PA694SMOV_FO_LMV_3.jpg?resize=580%2C386&amp;ssl=1 580w, https:\/\/i0.wp.com\/blog.benito.com\/wp-content\/uploads\/2025\/08\/PA694SMOV_FO_LMV_3.jpg?resize=768%2C512&amp;ssl=1 768w, https:\/\/i0.wp.com\/blog.benito.com\/wp-content\/uploads\/2025\/08\/PA694SMOV_FO_LMV_3.jpg?resize=1536%2C1023&amp;ssl=1 1536w, https:\/\/i0.wp.com\/blog.benito.com\/wp-content\/uploads\/2025\/08\/PA694SMOV_FO_LMV_3.jpg?w=1600&amp;ssl=1 1600w\" sizes=\"(max-width: 940px) 100vw, 940px\" \/><\/figure><\/li><li class=\"wp-block-jetpack-slideshow_slide swiper-slide\"><figure><img data-recalc-dims=\"1\" loading=\"lazy\" decoding=\"async\" width=\"940\" height=\"626\" alt=\"\" class=\"wp-block-jetpack-slideshow_image wp-image-8961\" data-id=\"8961\" src=\"https:\/\/i0.wp.com\/blog.benito.com\/wp-content\/uploads\/2025\/08\/PA694SMOV_FO_LMV_6-940x626.jpg?resize=940%2C626&#038;ssl=1\" srcset=\"https:\/\/i0.wp.com\/blog.benito.com\/wp-content\/uploads\/2025\/08\/PA694SMOV_FO_LMV_6.jpg?resize=940%2C626&amp;ssl=1 940w, https:\/\/i0.wp.com\/blog.benito.com\/wp-content\/uploads\/2025\/08\/PA694SMOV_FO_LMV_6.jpg?resize=580%2C386&amp;ssl=1 580w, https:\/\/i0.wp.com\/blog.benito.com\/wp-content\/uploads\/2025\/08\/PA694SMOV_FO_LMV_6.jpg?resize=768%2C512&amp;ssl=1 768w, https:\/\/i0.wp.com\/blog.benito.com\/wp-content\/uploads\/2025\/08\/PA694SMOV_FO_LMV_6.jpg?resize=1536%2C1023&amp;ssl=1 1536w, https:\/\/i0.wp.com\/blog.benito.com\/wp-content\/uploads\/2025\/08\/PA694SMOV_FO_LMV_6.jpg?w=1600&amp;ssl=1 1600w\" sizes=\"(max-width: 940px) 100vw, 940px\" \/><\/figure><\/li><li class=\"wp-block-jetpack-slideshow_slide swiper-slide\"><figure><img data-recalc-dims=\"1\" loading=\"lazy\" decoding=\"async\" width=\"940\" height=\"626\" alt=\"\" class=\"wp-block-jetpack-slideshow_image wp-image-8957\" data-id=\"8957\" src=\"https:\/\/i0.wp.com\/blog.benito.com\/wp-content\/uploads\/2025\/08\/PA694SMOV_FO_LMV_12-940x626.jpg?resize=940%2C626&#038;ssl=1\" srcset=\"https:\/\/i0.wp.com\/blog.benito.com\/wp-content\/uploads\/2025\/08\/PA694SMOV_FO_LMV_12.jpg?resize=940%2C626&amp;ssl=1 940w, https:\/\/i0.wp.com\/blog.benito.com\/wp-content\/uploads\/2025\/08\/PA694SMOV_FO_LMV_12.jpg?resize=580%2C386&amp;ssl=1 580w, https:\/\/i0.wp.com\/blog.benito.com\/wp-content\/uploads\/2025\/08\/PA694SMOV_FO_LMV_12.jpg?resize=768%2C512&amp;ssl=1 768w, https:\/\/i0.wp.com\/blog.benito.com\/wp-content\/uploads\/2025\/08\/PA694SMOV_FO_LMV_12.jpg?resize=1536%2C1023&amp;ssl=1 1536w, https:\/\/i0.wp.com\/blog.benito.com\/wp-content\/uploads\/2025\/08\/PA694SMOV_FO_LMV_12.jpg?w=1600&amp;ssl=1 1600w\" sizes=\"(max-width: 940px) 100vw, 940px\" \/><\/figure><\/li><li class=\"wp-block-jetpack-slideshow_slide swiper-slide\"><figure><img data-recalc-dims=\"1\" loading=\"lazy\" decoding=\"async\" width=\"940\" height=\"626\" alt=\"\" class=\"wp-block-jetpack-slideshow_image wp-image-8958\" data-id=\"8958\" src=\"https:\/\/i0.wp.com\/blog.benito.com\/wp-content\/uploads\/2025\/08\/PA694SMOV_FO_LMV_16-940x626.jpg?resize=940%2C626&#038;ssl=1\" srcset=\"https:\/\/i0.wp.com\/blog.benito.com\/wp-content\/uploads\/2025\/08\/PA694SMOV_FO_LMV_16.jpg?resize=940%2C626&amp;ssl=1 940w, https:\/\/i0.wp.com\/blog.benito.com\/wp-content\/uploads\/2025\/08\/PA694SMOV_FO_LMV_16.jpg?resize=580%2C386&amp;ssl=1 580w, https:\/\/i0.wp.com\/blog.benito.com\/wp-content\/uploads\/2025\/08\/PA694SMOV_FO_LMV_16.jpg?resize=768%2C512&amp;ssl=1 768w, https:\/\/i0.wp.com\/blog.benito.com\/wp-content\/uploads\/2025\/08\/PA694SMOV_FO_LMV_16.jpg?resize=1536%2C1023&amp;ssl=1 1536w, https:\/\/i0.wp.com\/blog.benito.com\/wp-content\/uploads\/2025\/08\/PA694SMOV_FO_LMV_16.jpg?w=1600&amp;ssl=1 1600w\" sizes=\"(max-width: 940px) 100vw, 940px\" \/><\/figure><\/li><\/ul><a class=\"wp-block-jetpack-slideshow_button-prev swiper-button-prev swiper-button-white\" role=\"button\"><\/a><a class=\"wp-block-jetpack-slideshow_button-next swiper-button-next swiper-button-white\" role=\"button\"><\/a><a aria-label=\"Pause Slideshow\" class=\"wp-block-jetpack-slideshow_button-pause\" role=\"button\"><\/a><div class=\"wp-block-jetpack-slideshow_pagination swiper-pagination swiper-pagination-white\"><\/div><\/div><\/div>\n\n\n\n<h5 class=\"wp-block-heading\">Una papelera para las ciudades del presente<\/h5>\n\n\n\n<p class=\"wp-block-paragraph\">Este redise\u00f1o responde a un compromiso: crear soluciones urbanas que unan <strong>funcionalidad, resistencia y dise\u00f1o<\/strong>, siempre pensando en las personas que usan el espacio p\u00fablico d\u00eda a d\u00eda.<\/p>\n\n\n\n<p class=\"wp-block-paragraph\">\ud83d\udc49 Descubre todos los detalles de la nueva DARA aqu\u00ed: <a href=\"https:\/\/www.benito.com\/es\/mobiliario-urbano\/papeleras\/papelera-dara--PA694SMO.html?utm_source=chatgpt.com\" target=\"_blank\" rel=\"noopener\" title=\"\">Ver producto<\/a>.<\/p>\n","protected":false},"excerpt":{"rendered":"<p>En Benito Urban creemos que el mobiliario urbano debe evolucionar al ritmo de las ciudades: cada vez m\u00e1s vivas, m\u00e1s transitadas y m\u00e1s exigentes. Por eso hemos redise\u00f1ado la papelera DARA, un cl\u00e1sico que ahora se adapta mejor a las necesidades actuales de los espacios p\u00fablicos.<\/p>\n","protected":false},"author":4,"featured_media":8965,"comment_status":"open","ping_status":"open","sticky":false,"template":"","format":"standard","meta":{"_jetpack_newsletter_access":"","_jetpack_dont_email_post_to_subs":false,"_jetpack_newsletter_tier_id":0,"_jetpack_memberships_contains_paywalled_content":false,"_jetpack_feature_clip_id":0,"_jetpack_memberships_contains_paid_content":false,"footnotes":"","jetpack_publicize_message":"","jetpack_publicize_feature_enabled":true,"jetpack_social_post_already_shared":true,"jetpack_social_options":{"image_generator_settings":{"template":"highway","default_image_id":0,"font":"","enabled":false},"version":2},"jetpack_post_was_ever_published":false},"categories":[327],"tags":[217,595,12,329,594],"class_list":["post-8955","post","type-post","status-publish","format-standard","has-post-thumbnail","hentry","category-productos","tag-benito-urban","tag-dara","tag-diseno","tag-mobiliario-urbano","tag-papelera"],"aioseo_notices":[],"aioseo_head":"\n\t\t<!-- All in One SEO 5.0.0.1 - aioseo.com -->\n\t<meta name=\"description\" content=\"En Benito Urban hemos redise\u00f1ado la papelera DARA, un cl\u00e1sico que ahora se adapta mejor a las necesidades actuales de los espacios p\u00fablicos.\" \/>\n\t<meta name=\"robots\" content=\"max-image-preview:large\" \/>\n\t<meta name=\"author\" content=\"Benitoadmin\"\/>\n\t<link rel=\"canonical\" href=\"https:\/\/blog.benito.com\/redisenamos-la-papelera-dara-en-benito\/\" \/>\n\t<meta name=\"generator\" content=\"All in One SEO (AIOSEO) 5.0.0.1\" \/>\n\n\t\t<script>\n(function(w,d,s,l,i){\n\tw[l]=w[l]||[];w[l].push({'gtm.start': new Date().getTime(),event:'gtm.js'});\n\tvar f=d.getElementsByTagName(s)[0], j=d.createElement(s),dl=l!='dataLayer'?'&l='+l:'';\n\tj.async=true;j.src= 'https:\/\/www.googletagmanager.com\/gtm.js?id='+i+dl;f.parentNode.insertBefore(j,f);\n})(window,document,'script','dataLayer','GTM-KGDLWQM'); \n<\/script>\n\t\t<script type=\"application\/ld+json\" class=\"aioseo-schema\">\n\t\t\t{\"@context\":\"https:\\\/\\\/schema.org\",\"@graph\":[{\"@type\":\"Article\",\"@id\":\"https:\\\/\\\/blog.benito.com\\\/redisenamos-la-papelera-dara-en-benito\\\/#article\",\"name\":\"Redise\\u00f1amos la papelera DARA en BENITO | BENITO BLOG\",\"headline\":\"Redise\\u00f1amos la papelera DARA en BENITO\",\"author\":{\"@id\":\"https:\\\/\\\/blog.benito.com\\\/author\\\/benitoadmin\\\/#author\"},\"publisher\":{\"@id\":\"https:\\\/\\\/blog.benito.com\\\/#organization\"},\"image\":{\"@type\":\"ImageObject\",\"url\":\"https:\\\/\\\/i0.wp.com\\\/blog.benito.com\\\/wp-content\\\/uploads\\\/2025\\\/08\\\/portada-blog.jpg?fit=960%2C622&ssl=1\",\"width\":960,\"height\":622},\"datePublished\":\"2025-09-01T07:00:00+01:00\",\"dateModified\":\"2025-08-29T08:35:52+01:00\",\"inLanguage\":\"ca\",\"mainEntityOfPage\":{\"@id\":\"https:\\\/\\\/blog.benito.com\\\/redisenamos-la-papelera-dara-en-benito\\\/#webpage\"},\"isPartOf\":{\"@id\":\"https:\\\/\\\/blog.benito.com\\\/redisenamos-la-papelera-dara-en-benito\\\/#webpage\"},\"articleSection\":\"Productos, BENITO URBAN, dara, dise\\u00f1o, mobiliario urbano, papelera\"},{\"@type\":\"BreadcrumbList\",\"@id\":\"https:\\\/\\\/blog.benito.com\\\/redisenamos-la-papelera-dara-en-benito\\\/#breadcrumblist\",\"itemListElement\":[{\"@type\":\"ListItem\",\"@id\":\"https:\\\/\\\/blog.benito.com#listItem\",\"position\":1,\"name\":\"Inicio\",\"item\":\"https:\\\/\\\/blog.benito.com\",\"nextItem\":{\"@type\":\"ListItem\",\"@id\":\"https:\\\/\\\/blog.benito.com\\\/category\\\/productos\\\/#listItem\",\"name\":\"Productos\"}},{\"@type\":\"ListItem\",\"@id\":\"https:\\\/\\\/blog.benito.com\\\/category\\\/productos\\\/#listItem\",\"position\":2,\"name\":\"Productos\",\"item\":\"https:\\\/\\\/blog.benito.com\\\/category\\\/productos\\\/\",\"nextItem\":{\"@type\":\"ListItem\",\"@id\":\"https:\\\/\\\/blog.benito.com\\\/redisenamos-la-papelera-dara-en-benito\\\/#listItem\",\"name\":\"Redise\\u00f1amos la papelera DARA en BENITO\"},\"previousItem\":{\"@type\":\"ListItem\",\"@id\":\"https:\\\/\\\/blog.benito.com#listItem\",\"name\":\"Inicio\"}},{\"@type\":\"ListItem\",\"@id\":\"https:\\\/\\\/blog.benito.com\\\/redisenamos-la-papelera-dara-en-benito\\\/#listItem\",\"position\":3,\"name\":\"Redise\\u00f1amos la papelera DARA en BENITO\",\"previousItem\":{\"@type\":\"ListItem\",\"@id\":\"https:\\\/\\\/blog.benito.com\\\/category\\\/productos\\\/#listItem\",\"name\":\"Productos\"}}]},{\"@type\":\"Organization\",\"@id\":\"https:\\\/\\\/blog.benito.com\\\/#organization\",\"name\":\"BENITO BLOG\",\"url\":\"https:\\\/\\\/blog.benito.com\\\/\"},{\"@type\":\"Person\",\"@id\":\"https:\\\/\\\/blog.benito.com\\\/author\\\/benitoadmin\\\/#author\",\"url\":\"https:\\\/\\\/blog.benito.com\\\/author\\\/benitoadmin\\\/\",\"name\":\"Benitoadmin\",\"image\":{\"@type\":\"ImageObject\",\"@id\":\"https:\\\/\\\/blog.benito.com\\\/redisenamos-la-papelera-dara-en-benito\\\/#authorImage\",\"url\":\"https:\\\/\\\/secure.gravatar.com\\\/avatar\\\/4cc916b9db9f44d5409a01d9e2f3345f3e60601f4e4ce66bcf54e0de315bbf69?s=96&d=mm&r=g\",\"width\":96,\"height\":96,\"caption\":\"Benitoadmin\"}},{\"@type\":\"WebPage\",\"@id\":\"https:\\\/\\\/blog.benito.com\\\/redisenamos-la-papelera-dara-en-benito\\\/#webpage\",\"url\":\"https:\\\/\\\/blog.benito.com\\\/redisenamos-la-papelera-dara-en-benito\\\/\",\"name\":\"Redise\\u00f1amos la papelera DARA en BENITO | BENITO BLOG\",\"description\":\"En Benito Urban hemos redise\\u00f1ado la papelera DARA, un cl\\u00e1sico que ahora se adapta mejor a las necesidades actuales de los espacios p\\u00fablicos.\",\"inLanguage\":\"ca\",\"isPartOf\":{\"@id\":\"https:\\\/\\\/blog.benito.com\\\/#website\"},\"breadcrumb\":{\"@id\":\"https:\\\/\\\/blog.benito.com\\\/redisenamos-la-papelera-dara-en-benito\\\/#breadcrumblist\"},\"author\":{\"@id\":\"https:\\\/\\\/blog.benito.com\\\/author\\\/benitoadmin\\\/#author\"},\"creator\":{\"@id\":\"https:\\\/\\\/blog.benito.com\\\/author\\\/benitoadmin\\\/#author\"},\"image\":{\"@type\":\"ImageObject\",\"url\":\"https:\\\/\\\/i0.wp.com\\\/blog.benito.com\\\/wp-content\\\/uploads\\\/2025\\\/08\\\/portada-blog.jpg?fit=960%2C622&ssl=1\",\"@id\":\"https:\\\/\\\/blog.benito.com\\\/redisenamos-la-papelera-dara-en-benito\\\/#mainImage\",\"width\":960,\"height\":622},\"primaryImageOfPage\":{\"@id\":\"https:\\\/\\\/blog.benito.com\\\/redisenamos-la-papelera-dara-en-benito\\\/#mainImage\"},\"datePublished\":\"2025-09-01T07:00:00+01:00\",\"dateModified\":\"2025-08-29T08:35:52+01:00\"},{\"@type\":\"WebSite\",\"@id\":\"https:\\\/\\\/blog.benito.com\\\/#website\",\"url\":\"https:\\\/\\\/blog.benito.com\\\/\",\"name\":\"Benito Blog\",\"inLanguage\":\"ca\",\"publisher\":{\"@id\":\"https:\\\/\\\/blog.benito.com\\\/#organization\"}}]}\n\t\t<\/script>\n\t\t<!-- All in One SEO -->\n\n","aioseo_head_json":{"title":"Redise\u00f1amos la papelera DARA en BENITO | BENITO BLOG","description":"En Benito Urban hemos redise\u00f1ado la papelera DARA, un cl\u00e1sico que ahora se adapta mejor a las necesidades actuales de los espacios p\u00fablicos.","canonical_url":"https:\/\/blog.benito.com\/redisenamos-la-papelera-dara-en-benito\/","robots":"max-image-preview:large","keywords":"","webmasterTools":{"miscellaneous":"&lt;script&gt;\n(function(w,d,s,l,i){\n\tw[l]=w[l]||[];w[l].push({'gtm.start': new Date().getTime(),event:'gtm.js'});\n\tvar f=d.getElementsByTagName(s)[0], j=d.createElement(s),dl=l!='dataLayer'?'&amp;l='+l:'';\n\tj.async=true;j.src= 'https:\/\/www.googletagmanager.com\/gtm.js?id='+i+dl;f.parentNode.insertBefore(j,f);\n})(window,document,'script','dataLayer','GTM-KGDLWQM'); \n&lt;\/script&gt;"},"schema":{"@context":"https:\/\/schema.org","@graph":[{"@type":"Article","@id":"https:\/\/blog.benito.com\/redisenamos-la-papelera-dara-en-benito\/#article","name":"Redise\u00f1amos la papelera DARA en BENITO | BENITO BLOG","headline":"Redise\u00f1amos la papelera DARA en BENITO","author":{"@id":"https:\/\/blog.benito.com\/author\/benitoadmin\/#author"},"publisher":{"@id":"https:\/\/blog.benito.com\/#organization"},"image":{"@type":"ImageObject","url":"https:\/\/i0.wp.com\/blog.benito.com\/wp-content\/uploads\/2025\/08\/portada-blog.jpg?fit=960%2C622&ssl=1","width":960,"height":622},"datePublished":"2025-09-01T07:00:00+01:00","dateModified":"2025-08-29T08:35:52+01:00","inLanguage":"ca","mainEntityOfPage":{"@id":"https:\/\/blog.benito.com\/redisenamos-la-papelera-dara-en-benito\/#webpage"},"isPartOf":{"@id":"https:\/\/blog.benito.com\/redisenamos-la-papelera-dara-en-benito\/#webpage"},"articleSection":"Productos, BENITO URBAN, dara, dise\u00f1o, mobiliario urbano, papelera"},{"@type":"BreadcrumbList","@id":"https:\/\/blog.benito.com\/redisenamos-la-papelera-dara-en-benito\/#breadcrumblist","itemListElement":[{"@type":"ListItem","@id":"https:\/\/blog.benito.com#listItem","position":1,"name":"Inicio","item":"https:\/\/blog.benito.com","nextItem":{"@type":"ListItem","@id":"https:\/\/blog.benito.com\/category\/productos\/#listItem","name":"Productos"}},{"@type":"ListItem","@id":"https:\/\/blog.benito.com\/category\/productos\/#listItem","position":2,"name":"Productos","item":"https:\/\/blog.benito.com\/category\/productos\/","nextItem":{"@type":"ListItem","@id":"https:\/\/blog.benito.com\/redisenamos-la-papelera-dara-en-benito\/#listItem","name":"Redise\u00f1amos la papelera DARA en BENITO"},"previousItem":{"@type":"ListItem","@id":"https:\/\/blog.benito.com#listItem","name":"Inicio"}},{"@type":"ListItem","@id":"https:\/\/blog.benito.com\/redisenamos-la-papelera-dara-en-benito\/#listItem","position":3,"name":"Redise\u00f1amos la papelera DARA en BENITO","previousItem":{"@type":"ListItem","@id":"https:\/\/blog.benito.com\/category\/productos\/#listItem","name":"Productos"}}]},{"@type":"Organization","@id":"https:\/\/blog.benito.com\/#organization","name":"BENITO BLOG","url":"https:\/\/blog.benito.com\/"},{"@type":"Person","@id":"https:\/\/blog.benito.com\/author\/benitoadmin\/#author","url":"https:\/\/blog.benito.com\/author\/benitoadmin\/","name":"Benitoadmin","image":{"@type":"ImageObject","@id":"https:\/\/blog.benito.com\/redisenamos-la-papelera-dara-en-benito\/#authorImage","url":"https:\/\/secure.gravatar.com\/avatar\/4cc916b9db9f44d5409a01d9e2f3345f3e60601f4e4ce66bcf54e0de315bbf69?s=96&d=mm&r=g","width":96,"height":96,"caption":"Benitoadmin"}},{"@type":"WebPage","@id":"https:\/\/blog.benito.com\/redisenamos-la-papelera-dara-en-benito\/#webpage","url":"https:\/\/blog.benito.com\/redisenamos-la-papelera-dara-en-benito\/","name":"Redise\u00f1amos la papelera DARA en BENITO | BENITO BLOG","description":"En Benito Urban hemos redise\u00f1ado la papelera DARA, un cl\u00e1sico que ahora se adapta mejor a las necesidades actuales de los espacios p\u00fablicos.","inLanguage":"ca","isPartOf":{"@id":"https:\/\/blog.benito.com\/#website"},"breadcrumb":{"@id":"https:\/\/blog.benito.com\/redisenamos-la-papelera-dara-en-benito\/#breadcrumblist"},"author":{"@id":"https:\/\/blog.benito.com\/author\/benitoadmin\/#author"},"creator":{"@id":"https:\/\/blog.benito.com\/author\/benitoadmin\/#author"},"image":{"@type":"ImageObject","url":"https:\/\/i0.wp.com\/blog.benito.com\/wp-content\/uploads\/2025\/08\/portada-blog.jpg?fit=960%2C622&ssl=1","@id":"https:\/\/blog.benito.com\/redisenamos-la-papelera-dara-en-benito\/#mainImage","width":960,"height":622},"primaryImageOfPage":{"@id":"https:\/\/blog.benito.com\/redisenamos-la-papelera-dara-en-benito\/#mainImage"},"datePublished":"2025-09-01T07:00:00+01:00","dateModified":"2025-08-29T08:35:52+01:00"},{"@type":"WebSite","@id":"https:\/\/blog.benito.com\/#website","url":"https:\/\/blog.benito.com\/","name":"Benito Blog","inLanguage":"ca","publisher":{"@id":"https:\/\/blog.benito.com\/#organization"}}]}},"aioseo_meta_data":{"post_id":"8955","title":null,"description":"En Benito Urban hemos redise\u00f1ado la papelera DARA, un cl\u00e1sico que ahora se adapta mejor a las necesidades actuales de los espacios p\u00fablicos.","keywords":null,"keyphrases":{"focus":{"keyphrase":"","score":0,"analysis":{"keyphraseInTitle":{"score":0,"maxScore":9,"error":1}}},"additional":[]},"primary_term":null,"canonical_url":null,"og_title":null,"og_description":null,"og_object_type":"default","og_image_type":"default","og_image_url":null,"og_image_width":null,"og_image_height":null,"og_image_custom_url":null,"og_image_custom_fields":null,"og_video":"","og_custom_url":null,"og_article_section":null,"og_article_tags":null,"twitter_use_og":false,"twitter_card":"default","twitter_image_type":"default","twitter_image_url":null,"twitter_image_custom_url":null,"twitter_image_custom_fields":null,"twitter_title":null,"twitter_description":null,"schema":{"blockGraphs":[],"customGraphs":[],"default":{"data":{"Article":[],"Course":[],"Dataset":[],"FAQPage":[],"Movie":[],"Person":[],"Product":[],"ProductReview":[],"Car":[],"Recipe":[],"Service":[],"SoftwareApplication":[],"WebPage":[]},"graphName":"Article","isEnabled":true},"graphs":[]},"schema_type":"default","schema_type_options":null,"pillar_content":false,"robots_default":true,"robots_noindex":false,"robots_noarchive":false,"robots_nosnippet":false,"robots_nofollow":false,"robots_noimageindex":false,"robots_noodp":false,"robots_notranslate":false,"robots_max_snippet":"-1","robots_max_videopreview":"-1","robots_max_imagepreview":"large","priority":null,"frequency":"default","local_seo":null,"breadcrumb_settings":null,"limit_modified_date":false,"ai":{"faqs":[],"keyPoints":[],"titles":[],"descriptions":[],"socialPosts":{"email":[],"linkedin":[],"twitter":[],"facebook":[],"instagram":[]}},"created":"2025-08-29 06:56:55","updated":"2025-09-01 06:08:44","seo_analyzer_scan_date":null,"focus_keyword":null,"additional_keywords":null,"truseo_locale":null},"aioseo_breadcrumb":"<div class=\"aioseo-breadcrumbs\"><span class=\"aioseo-breadcrumb\">\n\t\t\t<a href=\"https:\/\/blog.benito.com\" title=\"Inicio\">Inicio<\/a>\n\t\t<\/span><span class=\"aioseo-breadcrumb-separator\">&raquo;<\/span><span class=\"aioseo-breadcrumb\">\n\t\t\t<a href=\"https:\/\/blog.benito.com\/category\/productos\/\" title=\"Productos\">Productos<\/a>\n\t\t<\/span><span class=\"aioseo-breadcrumb-separator\">&raquo;<\/span><span class=\"aioseo-breadcrumb\">\n\t\t\tRedise\u00f1amos la papelera DARA en BENITO\n\t\t<\/span><\/div>","aioseo_breadcrumb_json":[{"label":"Inicio","link":"https:\/\/blog.benito.com"},{"label":"Productos","link":"https:\/\/blog.benito.com\/category\/productos\/"},{"label":"Redise\u00f1amos la papelera DARA en BENITO","link":"https:\/\/blog.benito.com\/redisenamos-la-papelera-dara-en-benito\/"}],"jetpack_publicize_connections":[],"jetpack_sharing_enabled":true,"jetpack_shortlink":"https:\/\/wp.me\/p9ybsP-2kr","jetpack_likes_enabled":true,"jetpack-related-posts":[{"id":5270,"url":"https:\/\/blog.benito.com\/la-papelera-gea-es-un-paso-mas-hacia-un-futuro-sostenible\/","url_meta":{"origin":8955,"position":0},"title":"La papelera GEA es un paso m\u00e1s hacia un futuro sostenible","author":"Benitoadmin","date":"15 mar\u00e7, 2022","format":false,"excerpt":"El Grupo BENITO NOVATILU presenta una nueva papelera fabricada \u00edntegramente con pl\u00e1stico reciclado La emergencia clim\u00e1tica es una realidad y uno de los grandes retos del siglo XXI. Para hacerle frente, instituciones, ciudadan\u00eda y empresas deben adoptar un cambio de paradigma hacia nuevos sistemas de producci\u00f3n y de consumo m\u00e1s\u2026","rel":"","context":"A &quot;Mobiliario urbano&quot;","block_context":{"text":"Mobiliario urbano","link":"https:\/\/blog.benito.com\/category\/mobiliario-urbano\/"},"img":{"alt_text":"","src":"https:\/\/i0.wp.com\/blog.benito.com\/wp-content\/uploads\/2022\/03\/papelera-gea-benito.jpg?fit=940%2C671&ssl=1&resize=350%2C200","width":350,"height":200,"srcset":"https:\/\/i0.wp.com\/blog.benito.com\/wp-content\/uploads\/2022\/03\/papelera-gea-benito.jpg?fit=940%2C671&ssl=1&resize=350%2C200 1x, https:\/\/i0.wp.com\/blog.benito.com\/wp-content\/uploads\/2022\/03\/papelera-gea-benito.jpg?fit=940%2C671&ssl=1&resize=525%2C300 1.5x, https:\/\/i0.wp.com\/blog.benito.com\/wp-content\/uploads\/2022\/03\/papelera-gea-benito.jpg?fit=940%2C671&ssl=1&resize=700%2C400 2x"},"classes":[]},{"id":5669,"url":"https:\/\/blog.benito.com\/nueva-papelera-argo-disenada-para-resistir-el-vandalismo\/","url_meta":{"origin":8955,"position":1},"title":"Nueva papelera ARGO, dise\u00f1ada para resistir el vandalismo","author":"Benitoadmin","date":"13 desembre, 2022","format":false,"excerpt":"La Papelera antivand\u00e1lica Argo 50 combina en armon\u00eda una m\u00e1xima funcionalidad, resistencia y atractivo dise\u00f1o, resultando una propuesta \u00f3ptima para espacios p\u00fablicos contempor\u00e1neos. Es una realidad que los municipios se han visto afectados por un incremento de los costes para la reparaci\u00f3n del mobiliario urbano de las ciudades. Cada uno\u2026","rel":"","context":"A &quot;Mobiliari urb\u00e0&quot;","block_context":{"text":"Mobiliari urb\u00e0","link":"https:\/\/blog.benito.com\/category\/mobiliario-urbano-ca\/"},"img":{"alt_text":"","src":"https:\/\/i0.wp.com\/blog.benito.com\/wp-content\/uploads\/2022\/12\/papelera-argo-grupo-benito-novatilu.png?fit=945%2C628&ssl=1&resize=350%2C200","width":350,"height":200,"srcset":"https:\/\/i0.wp.com\/blog.benito.com\/wp-content\/uploads\/2022\/12\/papelera-argo-grupo-benito-novatilu.png?fit=945%2C628&ssl=1&resize=350%2C200 1x, https:\/\/i0.wp.com\/blog.benito.com\/wp-content\/uploads\/2022\/12\/papelera-argo-grupo-benito-novatilu.png?fit=945%2C628&ssl=1&resize=525%2C300 1.5x, https:\/\/i0.wp.com\/blog.benito.com\/wp-content\/uploads\/2022\/12\/papelera-argo-grupo-benito-novatilu.png?fit=945%2C628&ssl=1&resize=700%2C400 2x"},"classes":[]},{"id":5683,"url":"https:\/\/blog.benito.com\/conoce-rebnew-el-mobiliario-urbano-de-grupo-benito-novatilu-de-polimero-100-reciclado\/","url_meta":{"origin":8955,"position":2},"title":"Conoce REBNEW, el mobiliario urbano de Grupo BENITO NOVATILU de pol\u00edmero 100% reciclado","author":"Benitoadmin","date":"22 desembre, 2022","format":false,"excerpt":"Robustez y resistencia garantizada s\u00f3lo si se trata de REBNEW, nuestra l\u00ednea de mobiliario urbano de dise\u00f1o sostenible fabricada a base de pol\u00edmero reciclado, recuperado de la fracci\u00f3n de envases de la recogida selectiva. Somos l\u00edderes en la fabricaci\u00f3n de mobiliario urbano a nivel global y tambi\u00e9n una de las\u2026","rel":"","context":"A &quot;Mobiliario urbano&quot;","block_context":{"text":"Mobiliario urbano","link":"https:\/\/blog.benito.com\/category\/mobiliario-urbano\/"},"img":{"alt_text":"","src":"https:\/\/i0.wp.com\/blog.benito.com\/wp-content\/uploads\/2022\/12\/rebnew-mobiliario-urbano-reciclado-de-grupo-benito-novatilu.png?fit=945%2C628&ssl=1&resize=350%2C200","width":350,"height":200,"srcset":"https:\/\/i0.wp.com\/blog.benito.com\/wp-content\/uploads\/2022\/12\/rebnew-mobiliario-urbano-reciclado-de-grupo-benito-novatilu.png?fit=945%2C628&ssl=1&resize=350%2C200 1x, https:\/\/i0.wp.com\/blog.benito.com\/wp-content\/uploads\/2022\/12\/rebnew-mobiliario-urbano-reciclado-de-grupo-benito-novatilu.png?fit=945%2C628&ssl=1&resize=525%2C300 1.5x, https:\/\/i0.wp.com\/blog.benito.com\/wp-content\/uploads\/2022\/12\/rebnew-mobiliario-urbano-reciclado-de-grupo-benito-novatilu.png?fit=945%2C628&ssl=1&resize=700%2C400 2x"},"classes":[]},{"id":5870,"url":"https:\/\/blog.benito.com\/personalidad-identidad-y-tendencia-con-la-nueva-serie-de-mobiliario-urbano-color-collection\/","url_meta":{"origin":8955,"position":3},"title":"Personalidad y tendencia con la nueva serie de mobiliario urbano COLOR COLLECTION","author":"Benitoadmin","date":"23 maig, 2023","format":false,"excerpt":"Se aplica al nuevo banco y papelera MINSK y a la papelera Mielek La empresa BENITO URBAN presenta su nueva l\u00ednea de Mobiliario Urbano, COLOR COLLECTION. Basada en el nuevo banco y papelera MINSK, y con la premisa de poner el dise\u00f1o al alcance de todos, BENITO da un paso\u2026","rel":"","context":"A &quot;Arquitectura y Urbanismo&quot;","block_context":{"text":"Arquitectura y Urbanismo","link":"https:\/\/blog.benito.com\/category\/arquitectura-y-urbanismo\/"},"img":{"alt_text":"","src":"https:\/\/i0.wp.com\/blog.benito.com\/wp-content\/uploads\/2023\/05\/foto_blog.png?fit=940%2C622&ssl=1&resize=350%2C200","width":350,"height":200,"srcset":"https:\/\/i0.wp.com\/blog.benito.com\/wp-content\/uploads\/2023\/05\/foto_blog.png?fit=940%2C622&ssl=1&resize=350%2C200 1x, https:\/\/i0.wp.com\/blog.benito.com\/wp-content\/uploads\/2023\/05\/foto_blog.png?fit=940%2C622&ssl=1&resize=525%2C300 1.5x, https:\/\/i0.wp.com\/blog.benito.com\/wp-content\/uploads\/2023\/05\/foto_blog.png?fit=940%2C622&ssl=1&resize=700%2C400 2x"},"classes":[]},{"id":1357,"url":"https:\/\/blog.benito.com\/nueva-papelera-dara-vigipirate-maxima-seguridad-en-lugares-publicos\/","url_meta":{"origin":8955,"position":4},"title":"Nueva Papelera Dara V, m\u00e1xima seguridad en lugares p\u00fablicos","author":"adminbenito","date":"9 maig, 2012","format":false,"excerpt":"Presentamos la nueva Papelera Dara V (PA694V). Se trata de una nueva versi\u00f3n de la Papelera Dara (PA694SMO) pero con la particularidad de que tiene el cuerpo fabricado en plancha de acero y metacrilato transparente que permite ver su contenido. Su estructura transparente convierte a la Papelera Dara V (PA694V)\u2026","rel":"","context":"A &quot;Empresa&quot;","block_context":{"text":"Empresa","link":"https:\/\/blog.benito.com\/category\/empresa\/"},"img":{"alt_text":"Papelera Dara Vigipirate - Mobiliario urbano BENITO URBAN","src":"https:\/\/i0.wp.com\/blog.benito.com\/wp-content\/uploads\/2012\/03\/PA694V.jpg?resize=350%2C200","width":350,"height":200,"srcset":"https:\/\/i0.wp.com\/blog.benito.com\/wp-content\/uploads\/2012\/03\/PA694V.jpg?resize=350%2C200 1x, https:\/\/i0.wp.com\/blog.benito.com\/wp-content\/uploads\/2012\/03\/PA694V.jpg?resize=525%2C300 1.5x"},"classes":[]},{"id":6189,"url":"https:\/\/blog.benito.com\/las-papeleras-antigaviotas-de-benito-cumplen-su-funcion-en-el-centro-de-barcelona\/","url_meta":{"origin":8955,"position":5},"title":"Las papeleras &#8216;antigaviotas&#8217; de BENITO cumplen su funci\u00f3n en el centro de Barcelona","author":"Benitoadmin","date":"30 octubre, 2023","format":false,"excerpt":"Se trata del modelo Eterna, con tapa, cenicero incorporado, gran capacidad y robustez El ayuntamiento de Barcelona ha instalado el modelo Eterna de papeleras de BENITO en Ciutat Vella, en concreto, en los alrededores del Mercat de la Boqueria, una de las zonas m\u00e1s tur\u00edsticas de la ciudad. Se ha\u2026","rel":"","context":"A &quot;Productos&quot;","block_context":{"text":"Productos","link":"https:\/\/blog.benito.com\/category\/productos\/"},"img":{"alt_text":"","src":"https:\/\/i0.wp.com\/blog.benito.com\/wp-content\/uploads\/2023\/10\/eterna3.jpg?fit=940%2C622&ssl=1&resize=350%2C200","width":350,"height":200,"srcset":"https:\/\/i0.wp.com\/blog.benito.com\/wp-content\/uploads\/2023\/10\/eterna3.jpg?fit=940%2C622&ssl=1&resize=350%2C200 1x, https:\/\/i0.wp.com\/blog.benito.com\/wp-content\/uploads\/2023\/10\/eterna3.jpg?fit=940%2C622&ssl=1&resize=525%2C300 1.5x, https:\/\/i0.wp.com\/blog.benito.com\/wp-content\/uploads\/2023\/10\/eterna3.jpg?fit=940%2C622&ssl=1&resize=700%2C400 2x"},"classes":[]}],"jetpack_featured_media_url":"https:\/\/i0.wp.com\/blog.benito.com\/wp-content\/uploads\/2025\/08\/portada-blog.jpg?fit=960%2C622&ssl=1","_links":{"self":[{"href":"https:\/\/blog.benito.com\/wp-json\/wp\/v2\/posts\/8955","targetHints":{"allow":["GET"]}}],"collection":[{"href":"https:\/\/blog.benito.com\/wp-json\/wp\/v2\/posts"}],"about":[{"href":"https:\/\/blog.benito.com\/wp-json\/wp\/v2\/types\/post"}],"author":[{"embeddable":true,"href":"https:\/\/blog.benito.com\/wp-json\/wp\/v2\/users\/4"}],"replies":[{"embeddable":true,"href":"https:\/\/blog.benito.com\/wp-json\/wp\/v2\/comments?post=8955"}],"version-history":[{"count":1,"href":"https:\/\/blog.benito.com\/wp-json\/wp\/v2\/posts\/8955\/revisions"}],"predecessor-version":[{"id":8966,"href":"https:\/\/blog.benito.com\/wp-json\/wp\/v2\/posts\/8955\/revisions\/8966"}],"wp:featuredmedia":[{"embeddable":true,"href":"https:\/\/blog.benito.com\/wp-json\/wp\/v2\/media\/8965"}],"wp:attachment":[{"href":"https:\/\/blog.benito.com\/wp-json\/wp\/v2\/media?parent=8955"}],"wp:term":[{"taxonomy":"category","embeddable":true,"href":"https:\/\/blog.benito.com\/wp-json\/wp\/v2\/categories?post=8955"},{"taxonomy":"post_tag","embeddable":true,"href":"https:\/\/blog.benito.com\/wp-json\/wp\/v2\/tags?post=8955"}],"curies":[{"name":"wp","href":"https:\/\/api.w.org\/{rel}","templated":true}]}}